{"id":56,"date":"2026-04-23T17:13:48","date_gmt":"2026-04-23T17:13:48","guid":{"rendered":"https:\/\/guillaumecamuset.fr\/?p=56"},"modified":"2026-04-23T17:13:48","modified_gmt":"2026-04-23T17:13:48","slug":"anecdote-pedagogique","status":"publish","type":"post","link":"https:\/\/guillaumecamuset.fr\/index.php\/2026\/04\/23\/anecdote-pedagogique\/","title":{"rendered":"Anecdote (p\u00e9dagogique)"},"content":{"rendered":"\n<h2 class=\"wp-block-heading\"><a>1.1.&nbsp;&nbsp;&nbsp;&nbsp;&nbsp; L\u2019anecdote n\u2019est pas un r\u00e9cit<\/a><\/h2>\n\n\n\n<p>Le r\u00e9cit de soi a fait son chemin dans les sciences humaines (Paul Ricoeur, Walter Benjamin, Christine Delory-Momberger) et c\u2019est d\u00e9sormais <em>quelque chose<\/em>. C\u2019est un domaine d\u2019\u00e9tudes qu\u2019on ne peut nier, quoiqu\u2019on en pense.<\/p>\n\n\n\n<p>N\u00e9anmoins, je vois une diff\u00e9rence entre le r\u00e9cit de soi et l\u2019anecdote.&nbsp;Le r\u00e9cit est construit, souvent \u00e9crit.&nbsp;Il peut \u00eatre adress\u00e9 \u00e0 l\u2019Autre ou gard\u00e9 pour soi mais dans tous les cas, il charrie des rapports \u00e0 l\u2019\u00e9criture et des rapports \u00e0 l\u2019Autre.<\/p>\n\n\n\n<h2 class=\"wp-block-heading\"><a>1.2.&nbsp;&nbsp;&nbsp;&nbsp;&nbsp; L\u2019anecdote pourrait \u00eatre un cas mais\u2026<\/a><\/h2>\n\n\n\n<p>Sans l\u2019ambition g\u00e9n\u00e9ralement port\u00e9e par la r\u00e9daction de cas cliniques. Et ici, le manque d\u2019ambition n\u2019est pas \u00e0 voir comme un d\u00e9faut, une fain\u00e9antise.&nbsp;C\u2019est un parti pris qui lutte \u00e9galement contre les d\u00e9rives potentielles de cette forme de r\u00e9cit.<\/p>\n\n\n\n<p>Le r\u00e9cit par cas n\u2019est pas neutre et porte en lui-m\u00eame une vision du monde.<\/p>\n\n\n\n<p>Cas = outil m\u00e9dical, scientifique&nbsp;; d\u00e9coupe le r\u00e9el&nbsp;; cherche une v\u00e9rit\u00e9, porte une volont\u00e9 d\u2019\u00e9tudier le monde<\/p>\n\n\n\n<p>L\u2019anecdote ne porte qu\u2019un objectif de relation. \u00ab&nbsp;Voulez-vous avoir raison ou prendre soin des relations&nbsp;?&nbsp;\u00bb phrase attribu\u00e9e \u00e0 Marshall Rosenberg, p\u00e8re de la Communication Non-Violente<\/p>\n\n\n\n<h2 class=\"wp-block-heading\"><a>1.3.&nbsp;&nbsp;&nbsp;&nbsp;&nbsp; L\u2019anecdote, un interstice entre t\u00e9moignages, l\u00e9gendes et ragots<\/a><\/h2>\n\n\n\n<p>L\u2019anecdote m\u2019appara\u00eet comme un carrefour pouvant mener aux t\u00e9moignages plus formels, aux l\u00e9gendes comme aux ragots et rumeurs.<\/p>\n\n\n\n<p>L\u2019anecdote est et doit rester proche des t\u00e9moignages. Tout au plus, il s\u2019agit de tol\u00e9rer un t\u00e9moignage rapport\u00e9.&nbsp;Cependant, l\u2019anecdote ne porte pas, comme dans le cas des cas cliniques, une volont\u00e9 exhaustive, de v\u00e9racit\u00e9. Au-del\u00e0, je d\u00e9finis cela soit comme une l\u00e9gende soit comme une rumeur, un ragot. La l\u00e9gende est d\u00e9finie par le fait qu\u2019elle se base et\/ou s\u2019inspire d\u2019un fait r\u00e9el pour l\u2019enjoliver, le fantasmer.&nbsp;Le r\u00e9cit d\u00e9passe sa valeur de t\u00e9moignage et vient produire une fiction. Le ragot se rapproche d\u2019une anecdote que l\u2019on r\u00e9p\u00e8te sans n\u2019avoir rien v\u00e9cu de ce dont il est sujet, ni ne connaitre directement les gens qui l\u2019on v\u00e9cut.&nbsp;La v\u00e9racit\u00e9 n\u2019est pas v\u00e9rifi\u00e9e et le ragot est souvent r\u00e9p\u00e9t\u00e9 car jug\u00e9 dr\u00f4le ou, plus grave, g\u00eanant pour la personne concern\u00e9e. Un ragot qui se r\u00e9pand devient rapidement une rumeur.<\/p>\n\n\n\n<p>Les l\u00e9gendes, ragots et rumeurs ne rentrent pas dans ce que je cherche \u00e0 d\u00e9finir ici.&nbsp;L\u2019anecdote est un interstice entre un t\u00e9moignage, une l\u00e9gende et un ragot.<\/p>\n\n\n\n<p>Dans un ouvrage principalement historiographique tournant autour du r\u00e9cit de soi, Isabelle Luciani (2014) \u00e9crit :<\/p>\n\n\n\n<p>Le t\u00e9moignage joue une fonction m\u00e9diatrice entre l\u2019\u00e9v\u00e9nement, le sujet singulier, les autres protagonistes de l\u2019\u00e9v\u00e9nement, la communaut\u00e9 qu\u2019elle touche mais aussi le public le plus universel, potentiellement interpell\u00e9 par le t\u00e9moin dans le recouvrement du vrai. Le t\u00e9moin n\u2019est plus seulement porteur, ici, de la parole divine traditionnellement mise en jeu dans l\u2019ordalie. Il devient porteur d\u2019une facette de la v\u00e9rit\u00e9 historique, et acquiert \u00e0 ce titre, jusqu\u2019\u00e0 entrer dans \u00ab l\u2019\u00e8re du t\u00e9moin \u00bb, une importance cruciale pour la reconnaissance d\u2019une soci\u00e9t\u00e9 dans son histoire.<\/p>\n\n\n\n<p>Commentant la force quasiment sacr\u00e9e du t\u00e9moignage, Renaud Dulong<a href=\"#_ftn1\" id=\"_ftnref1\">[1]<\/a> emprunte d\u2019abord \u00e0 Wittgenstein cette \u00ab pi\u00e9t\u00e9 envers les faits humains \u00bb qui rend \u00ab toute exp\u00e9rience v\u00e9cue digne de v\u00e9n\u00e9ration \u00bb. Le t\u00e9moignage d\u2019une humanit\u00e9 commune nous touche d\u2019une incompr\u00e9hensible \u00e9motion, comme si tout partage d\u2019un fragment d\u2019autrui minimisait la finitude de chacun. Mais si le t\u00e9moin peut \u00e9branler un public, c\u2019est d\u2019abord et avant tout parce qu\u2019il l\u2019interpelle et lui fait entrevoir sa propre v\u00e9rit\u00e9 dans l\u2019intimit\u00e9 apparemment incommensurable de l\u2019exp\u00e9rience v\u00e9cue. Le t\u00e9moignage instaure ainsi un trajet entre trois points de vue : celui du t\u00e9moin comme acteur singulier, reconstruisant pour lui-m\u00eame le sens de son exp\u00e9rience dans une temporalit\u00e9 collective et historique ; celui des autres protagonistes au nom desquels le t\u00e9moin prend la parole (\u00ab pour tous les autres \u00bb, comme l\u2019\u00e9crit ici m\u00eame Sarah Andrieu) ; celui du tiers externe, interpell\u00e9 par l\u2019\u00e9criture pour entendre la v\u00e9rit\u00e9 historique du t\u00e9moin, faisant ainsi \u0153uvre de m\u00e9moire partag\u00e9e mais aussi d\u2019opinion, au sens o\u00f9 le t\u00e9moignage peut appeler au jugement et \u00e0 la r\u00e9paration.<\/p>\n\n\n\n<p>(p.24-25)<\/p>\n\n\n\n<h1 class=\"wp-block-heading\"><a>2.&nbsp;&nbsp;&nbsp;&nbsp;&nbsp;&nbsp;&nbsp;&nbsp; L\u2019anecdote est un <em>standpoint<\/em><\/a><\/h1>\n\n\n\n<p>Maintenant que j\u2019ai montr\u00e9 ce que l\u2019anecdote n\u2019est pas, \u00e0 mon sens&nbsp;; il est possible de montrer ce qu\u2019elle est, ce qu\u2019elle porte.&nbsp;L\u2019anecdote porte l\u2019exp\u00e9rience v\u00e9cue par ses narrateur\u00b7ices. En cela, l\u2019anecdote est un <em>standpoint&nbsp;<\/em>: c\u2019est un r\u00e9sum\u00e9 \u00e9clair d\u2019une situation.<\/p>\n\n\n\n<hr class=\"wp-block-separator has-alpha-channel-opacity\"\/>\n\n\n\n<p><a href=\"#_ftnref1\" id=\"_ftn1\">[1]<\/a> Renaud Dulong, <em>Le t\u00e9moin oculaire. Les conditions sociales de l\u2019a<\/em><em>tt<\/em><em>estation personnelle<\/em>, Paris, \u00c9ditions de l\u2019EHESS, 1998, p.177-179.<\/p>\n","protected":false},"excerpt":{"rendered":"<p>1.1.&nbsp;&nbsp;&nbsp;&nbsp;&nbsp; L\u2019anecdote n\u2019est pas un r\u00e9cit Le r\u00e9cit de soi a fait son chemin dans les sciences humaines (Paul Ricoeur, Walter Benjamin, Christine Delory-Momberger) et c\u2019est d\u00e9sormais quelque chose. C\u2019est un domaine d\u2019\u00e9tudes qu\u2019on ne peut nier, quoiqu\u2019on en pense. N\u00e9anmoins, je vois une diff\u00e9rence entre le r\u00e9cit de soi et l\u2019anecdote.&nbsp;Le r\u00e9cit est construit, [&hellip;]<\/p>\n","protected":false},"author":1,"featured_media":0,"comment_status":"open","ping_status":"open","sticky":false,"template":"","format":"standard","meta":{"footnotes":""},"categories":[1,3],"tags":[],"class_list":["post-56","post","type-post","status-publish","format-standard","hentry","category-uncategorized","category-pedagogie-de-lintime"],"_links":{"self":[{"href":"https:\/\/guillaumecamuset.fr\/index.php\/wp-json\/wp\/v2\/posts\/56","targetHints":{"allow":["GET"]}}],"collection":[{"href":"https:\/\/guillaumecamuset.fr\/index.php\/wp-json\/wp\/v2\/posts"}],"about":[{"href":"https:\/\/guillaumecamuset.fr\/index.php\/wp-json\/wp\/v2\/types\/post"}],"author":[{"embeddable":true,"href":"https:\/\/guillaumecamuset.fr\/index.php\/wp-json\/wp\/v2\/users\/1"}],"replies":[{"embeddable":true,"href":"https:\/\/guillaumecamuset.fr\/index.php\/wp-json\/wp\/v2\/comments?post=56"}],"version-history":[{"count":1,"href":"https:\/\/guillaumecamuset.fr\/index.php\/wp-json\/wp\/v2\/posts\/56\/revisions"}],"predecessor-version":[{"id":57,"href":"https:\/\/guillaumecamuset.fr\/index.php\/wp-json\/wp\/v2\/posts\/56\/revisions\/57"}],"wp:attachment":[{"href":"https:\/\/guillaumecamuset.fr\/index.php\/wp-json\/wp\/v2\/media?parent=56"}],"wp:term":[{"taxonomy":"category","embeddable":true,"href":"https:\/\/guillaumecamuset.fr\/index.php\/wp-json\/wp\/v2\/categories?post=56"},{"taxonomy":"post_tag","embeddable":true,"href":"https:\/\/guillaumecamuset.fr\/index.php\/wp-json\/wp\/v2\/tags?post=56"}],"curies":[{"name":"wp","href":"https:\/\/api.w.org\/{rel}","templated":true}]}}